{"id":2618,"date":"2025-06-10T12:17:20","date_gmt":"2025-06-10T10:17:20","guid":{"rendered":"https:\/\/okulistyka21.pl\/?p=2618"},"modified":"2025-06-10T12:28:07","modified_gmt":"2025-06-10T10:28:07","slug":"wzrok-pod-kontrola-przesiewowe-badania-okulistyczne-dla-uczniow-poznanskich-szkol-podstawowych","status":"publish","type":"post","link":"https:\/\/okulistyka21.pl\/en\/2025\/06\/10\/wzrok-pod-kontrola-przesiewowe-badania-okulistyczne-dla-uczniow-poznanskich-szkol-podstawowych\/","title":{"rendered":"Wzrok pod kontrol\u0105 \u2013 przesiewowe badania okulistyczne dla uczni\u00f3w pozna\u0144skich szk\u00f3\u0142 podstawowych"},"content":{"rendered":"<div data-elementor-type=\"wp-post\" data-elementor-id=\"2618\" class=\"elementor elementor-2618\" data-elementor-settings=\"[]\">\n\t\t\t\t\t\t<div class=\"elementor-inner\">\n\t\t\t\t\t\t\t<div class=\"elementor-section-wrap\">\n\t\t\t\t\t\t\t<section class=\"elementor-section elementor-top-section elementor-element elementor-element-504cf9b elementor-section-boxed elementor-section-height-default elementor-section-height-default\" data-id=\"504cf9b\" data-element_type=\"section\">\n\t\t\t\t\t\t<div class=\"elementor-container elementor-column-gap-default\">\n\t\t\t\t\t\t\t<div class=\"elementor-row\">\n\t\t\t\t\t<div class=\"elementor-column elementor-col-50 elementor-top-column elementor-element elementor-element-4ad3071\" data-id=\"4ad3071\" data-element_type=\"column\">\n\t\t\t<div class=\"elementor-column-wrap elementor-element-populated\">\n\t\t\t\t\t\t\t<div class=\"elementor-widget-wrap\">\n\t\t\t\t\t\t<div class=\"elementor-element elementor-element-e80339e elementor-widget elementor-widget-image\" data-id=\"e80339e\" data-element_type=\"widget\" data-widget_type=\"image.default\">\n\t\t\t\t<div class=\"elementor-widget-container\">\n\t\t\t\t\t\t\t\t<div class=\"elementor-image\">\n\t\t\t\t\t\t\t\t\t\t\t\t<img width=\"300\" height=\"220\" src=\"https:\/\/okulistyka21.pl\/wp-content\/uploads\/2021\/07\/Kopia-logo-Fundacji-PL-300x220.png\" class=\"attachment-medium size-medium\" alt=\"okulistyka logo\" loading=\"lazy\" srcset=\"https:\/\/okulistyka21.pl\/wp-content\/uploads\/2021\/07\/Kopia-logo-Fundacji-PL-300x220.png 300w, https:\/\/okulistyka21.pl\/wp-content\/uploads\/2021\/07\/Kopia-logo-Fundacji-PL-16x12.png 16w, https:\/\/okulistyka21.pl\/wp-content\/uploads\/2021\/07\/Kopia-logo-Fundacji-PL.png 424w\" sizes=\"(max-width: 300px) 100vw, 300px\" \/>\t\t\t\t\t\t\t\t\t\t\t\t\t\t<\/div>\n\t\t\t\t\t\t<\/div>\n\t\t\t\t<\/div>\n\t\t\t\t\t\t<\/div>\n\t\t\t\t\t<\/div>\n\t\t<\/div>\n\t\t\t\t<div class=\"elementor-column elementor-col-50 elementor-top-column elementor-element elementor-element-0e987a7\" data-id=\"0e987a7\" data-element_type=\"column\">\n\t\t\t<div class=\"elementor-column-wrap elementor-element-populated\">\n\t\t\t\t\t\t\t<div class=\"elementor-widget-wrap\">\n\t\t\t\t\t\t<div class=\"elementor-element elementor-element-1580469 elementor-widget elementor-widget-image\" data-id=\"1580469\" data-element_type=\"widget\" data-widget_type=\"image.default\">\n\t\t\t\t<div class=\"elementor-widget-container\">\n\t\t\t\t\t\t\t\t<div class=\"elementor-image\">\n\t\t\t\t\t\t\t\t\t\t\t\t<img width=\"300\" height=\"127\" src=\"https:\/\/okulistyka21.pl\/wp-content\/uploads\/2025\/06\/art1-300x127.jpg\" class=\"attachment-medium size-medium\" alt=\"\" loading=\"lazy\" srcset=\"https:\/\/okulistyka21.pl\/wp-content\/uploads\/2025\/06\/art1-300x127.jpg 300w, https:\/\/okulistyka21.pl\/wp-content\/uploads\/2025\/06\/art1-18x8.jpg 18w, https:\/\/okulistyka21.pl\/wp-content\/uploads\/2025\/06\/art1.jpg 521w\" sizes=\"(max-width: 300px) 100vw, 300px\" \/>\t\t\t\t\t\t\t\t\t\t\t\t\t\t<\/div>\n\t\t\t\t\t\t<\/div>\n\t\t\t\t<\/div>\n\t\t\t\t\t\t<\/div>\n\t\t\t\t\t<\/div>\n\t\t<\/div>\n\t\t\t\t\t\t\t\t<\/div>\n\t\t\t\t\t<\/div>\n\t\t<\/section>\n\t\t\t\t<section class=\"elementor-section elementor-top-section elementor-element elementor-element-a06e183 elementor-section-boxed elementor-section-height-default elementor-section-height-default\" data-id=\"a06e183\" data-element_type=\"section\">\n\t\t\t\t\t\t<div class=\"elementor-container elementor-column-gap-default\">\n\t\t\t\t\t\t\t<div class=\"elementor-row\">\n\t\t\t\t\t<div class=\"elementor-column elementor-col-100 elementor-top-column elementor-element elementor-element-2e51aad\" data-id=\"2e51aad\" data-element_type=\"column\">\n\t\t\t<div class=\"elementor-column-wrap elementor-element-populated\">\n\t\t\t\t\t\t\t<div class=\"elementor-widget-wrap\">\n\t\t\t\t\t\t<div class=\"elementor-element elementor-element-9239d23 elementor-widget elementor-widget-text-editor\" data-id=\"9239d23\" data-element_type=\"widget\" data-widget_type=\"text-editor.default\">\n\t\t\t\t<div class=\"elementor-widget-container\">\n\t\t\t\t\t\t\t\t<div class=\"elementor-text-editor elementor-clearfix\">\n\t\t\t\t\t<p>W terminie 02.06-27.06 2025r. Fundacja Wspierania Rozwoju Okulistyki \u201eOkulistyka 21\u201d pod kierownictwem okulisty prof. dr hab. n. med. Andrzeja Grzybowskiego przeprowadzi przesiewowe badania wczesnego wykrywania czynnik\u00f3w niedowidzenia i\u00a0wad wzroku u dzieci. Badania s\u0105 organizowane w ramach zadania publicznego pt. \u201eBadania przesiewowe w kierunku wczesnego wykrycia wad wzroku w\u015br\u00f3d dzieci w wieku szkolnym ucz\u0119szczaj\u0105cych do szk\u00f3\u0142 podstawowych w Poznaniu- projekt pilota\u017cowy\u201d sfinansowanego ze \u015brodk\u00f3w bud\u017cetowych Miasta Poznania. Zostan\u0105 nimi obj\u0119te dzieci w klasach niebilansowych: II, IV, VI, VIII ucz\u0119szczaj\u0105ce do szk\u00f3\u0142 podstawowych na terenie miasta Pozna\u0144. Badania wykonywane b\u0119d\u0105 przez wykwalifikowan\u0105 grup\u0119 optometryst\u00f3w. Ka\u017cdy rodzic po badaniu otrzyma informacj\u0119 na temat wyniku badania i dalszych zalece\u0144.<\/p><p>Dobre widzenie jest konieczne do prawid\u0142owego rozwoju dziecka. Niezdiagnozowane i\u00a0nieskorygowane wady wzroku powoduj\u0105 problemy z koncentracj\u0105 i b\u00f3lami g\u0142owy, a\u00a0w\u00a0konsekwencji gorszymi wynikami w nauce. Dziecko nie powie nam, \u017ce \u017ale widzi, poniewa\u017c je\u015bli wada pojawi\u0142a si\u0119 we wczesnym dzieci\u0144stwie to nie ma ono por\u00f3wnania jak powinno dobrze widzie\u0107.<\/p><p>Kr\u00f3tkowzroczno\u015b\u0107 dotyczy ju\u017c 50% dzieci w Europie i ci\u0105gle ro\u015bnie ze wzgl\u0119du na zmiany cywilizacyjne. Coraz cz\u0119stsz\u0105 przyczyn\u0105 pojawienia si\u0119 kr\u00f3tkowzroczno\u015bci jest d\u0142ugi czas sp\u0119dzany przed ekranami, a zbyt kr\u00f3tki czas na zewn\u0105trz. Ka\u017cde dziecko powinno raz w roku zosta\u0107 poddane badaniu wzroku.<\/p><p>W ostatnich latach Fundacja \u201cOkulistyka 21\u201d wykona\u0142a przesiewowe badania wzroku u ponad 3000 dzieci w przedszkolach i szko\u0142ach podstawowych w Poznaniu oraz na terenie Powiatu Pozna\u0144skiego. U 20-30% z tych dzieci wykryto ryzyko niedowidzenia lub wady wzroku. <br \/>U tych dzieci nie zauwa\u017cono wcze\u015bniej objaw\u00f3w, kt\u00f3re wskazywa\u0142yby na badanie wzroku do okulisty dzieci\u0119cego, u wi\u0119kszo\u015bci z nich problemy ze wzrokiem zosta\u0142y potwierdzone.<\/p>\t\t\t\t\t<\/div>\n\t\t\t\t\t\t<\/div>\n\t\t\t\t<\/div>\n\t\t\t\t<div class=\"elementor-element elementor-element-f61a585 elementor-widget elementor-widget-image\" data-id=\"f61a585\" data-element_type=\"widget\" data-widget_type=\"image.default\">\n\t\t\t\t<div class=\"elementor-widget-container\">\n\t\t\t\t\t\t\t\t<div class=\"elementor-image\">\n\t\t\t\t\t\t\t\t\t\t\t\t<img width=\"300\" height=\"168\" src=\"https:\/\/okulistyka21.pl\/wp-content\/uploads\/2025\/06\/art-2.jpg\" class=\"attachment-large size-large\" alt=\"\" loading=\"lazy\" srcset=\"https:\/\/okulistyka21.pl\/wp-content\/uploads\/2025\/06\/art-2.jpg 300w, https:\/\/okulistyka21.pl\/wp-content\/uploads\/2025\/06\/art-2-18x10.jpg 18w\" sizes=\"(max-width: 300px) 100vw, 300px\" \/>\t\t\t\t\t\t\t\t\t\t\t\t\t\t<\/div>\n\t\t\t\t\t\t<\/div>\n\t\t\t\t<\/div>\n\t\t\t\t<div class=\"elementor-element elementor-element-1aaec51 elementor-widget elementor-widget-text-editor\" data-id=\"1aaec51\" data-element_type=\"widget\" data-widget_type=\"text-editor.default\">\n\t\t\t\t<div class=\"elementor-widget-container\">\n\t\t\t\t\t\t\t\t<div class=\"elementor-text-editor elementor-clearfix\">\n\t\t\t\t\t<h3>Zakres bada\u0144<\/h3><p>Badania przesiewowe obejmuj\u0105:<\/p><ul><li>Pomiar ostro\u015bci wzroku do bli\u017cy i dali,<\/li><li>Ocena zeza jawnego i ukrytego,<\/li><li>Ocena widzenia barwnego,<\/li><li>Wskazanie dalszych krok\u00f3w diagnostycznych dla dzieci wymagaj\u0105cych specjalistycznej opieki.<\/li><\/ul><p>Badania zostan\u0105 przeprowadzane przez wykwalifikowanych optometryst\u00f3w na terenie szko\u0142y podstawowej.<\/p><p>Dzieci, u kt\u00f3rych zostan\u0105 wykryte nieprawid\u0142owo\u015bci mog\u0105 zosta\u0107 obj\u0119te opiek\u0105 Poradni Okulistycznej dla dzieci w Owi\u0144skach (plac Przemys\u0142awa 9) posiadaj\u0105cej kontrakt z\u00a0NFZ, prowadzonej przez prof. Andrzeja Grzybowskiego (telefon: 572\u00a0295\u00a0050, rejestracja czynna w godzinach 16:00-17:30). Istnieje r\u00f3wnie\u017c mo\u017cliwo\u015b\u0107 um\u00f3wienia wizyty w gabinecie prywatnym (<a href=\"https:\/\/nzoz-okulistyka.pl\/\" target=\"_blank\" rel=\"noopener\">https:\/\/nzoz-okulistyka.pl\/<\/a>) lub uda\u0107 si\u0119 do ka\u017cdej innej Poradni Okulistyki Dzieci\u0119cej. W przypadku badania w ramach NFZ konieczne jest skierowanie od pediatry.<\/p><p><strong>Wi\u0119cej informacji na stronie:\u00a0<a href=\"http:\/\/www.miopia.pl\/\">www.miopia.pl<\/a>\u00a0oraz\u00a0<a href=\"https:\/\/okulistyka21.pl\/en\/\">www.okulistyka21.pl<\/a><\/strong><\/p><p><em>Artyku\u0142 przygotowany w ramach zadania publicznego \u201eBadania przesiewowe w kierunku wczesnego wykrycia wad wzroku w\u015br\u00f3d dzieci w wieku szkolnym ucz\u0119szczaj\u0105cych do szk\u00f3\u0142 podstawowych w Poznaniu- projekt pilota\u017cowy\u201d realizowanego przez Fundacj\u0119 Wspierania Rozwoju Okulistyki \u201eOkulistyka 21\u201d, finansowanego przez Urz\u0105d Miasta Poznania.<\/em><br \/><em>Autorzy:<\/em><br \/><em>Prof. dr hab. med. Andrzej Grzybowski, Okulista dzieci\u0119cy, Prezes Fundacji \u201eOkulistyka 21\u201d<\/em><\/p>\t\t\t\t\t<\/div>\n\t\t\t\t\t\t<\/div>\n\t\t\t\t<\/div>\n\t\t\t\t\t\t<\/div>\n\t\t\t\t\t<\/div>\n\t\t<\/div>\n\t\t\t\t\t\t\t\t<\/div>\n\t\t\t\t\t<\/div>\n\t\t<\/section>\n\t\t\t\t\t\t<\/div>\n\t\t\t\t\t\t<\/div>\n\t\t\t\t\t<\/div>","protected":false},"excerpt":{"rendered":"<p>We encourage you to review the activity report of our Foundation, summarizing the key activities of 2024:<\/p>","protected":false},"author":2,"featured_media":2632,"comment_status":"closed","ping_status":"closed","sticky":false,"template":"","format":"standard","meta":[],"categories":[33],"tags":[],"_links":{"self":[{"href":"https:\/\/okulistyka21.pl\/en\/wp-json\/wp\/v2\/posts\/2618"}],"collection":[{"href":"https:\/\/okulistyka21.pl\/en\/wp-json\/wp\/v2\/posts"}],"about":[{"href":"https:\/\/okulistyka21.pl\/en\/wp-json\/wp\/v2\/types\/post"}],"author":[{"embeddable":true,"href":"https:\/\/okulistyka21.pl\/en\/wp-json\/wp\/v2\/users\/2"}],"replies":[{"embeddable":true,"href":"https:\/\/okulistyka21.pl\/en\/wp-json\/wp\/v2\/comments?post=2618"}],"version-history":[{"count":6,"href":"https:\/\/okulistyka21.pl\/en\/wp-json\/wp\/v2\/posts\/2618\/revisions"}],"predecessor-version":[{"id":2633,"href":"https:\/\/okulistyka21.pl\/en\/wp-json\/wp\/v2\/posts\/2618\/revisions\/2633"}],"wp:featuredmedia":[{"embeddable":true,"href":"https:\/\/okulistyka21.pl\/en\/wp-json\/wp\/v2\/media\/2632"}],"wp:attachment":[{"href":"https:\/\/okulistyka21.pl\/en\/wp-json\/wp\/v2\/media?parent=2618"}],"wp:term":[{"taxonomy":"category","embeddable":true,"href":"https:\/\/okulistyka21.pl\/en\/wp-json\/wp\/v2\/categories?post=2618"},{"taxonomy":"post_tag","embeddable":true,"href":"https:\/\/okulistyka21.pl\/en\/wp-json\/wp\/v2\/tags?post=2618"}],"curies":[{"name":"wp","href":"https:\/\/api.w.org\/{rel}","templated":true}]}}